{"id":279,"date":"2025-12-03T11:13:54","date_gmt":"2025-12-03T11:13:54","guid":{"rendered":"https:\/\/lejardinbasque.fr\/?p=279"},"modified":"2026-01-06T14:29:39","modified_gmt":"2026-01-06T14:29:39","slug":"storm-en-sneeuw","status":"publish","type":"post","link":"https:\/\/lejardinbasque.fr\/fr\/storm-en-sneeuw\/","title":{"rendered":"Temp\u00eate et neige"},"content":{"rendered":"<p>L\u00e0-haut, dans les montagnes, la neige, au loin. Il peut aussi geler pas mal ici la nuit, mais pour l'instant, il n'a pas neig\u00e9 et les apr\u00e8s-midi sont encore merveilleusement agr\u00e9ables pour jardiner. C'est forc\u00e9ment le cas, car quelques jours apr\u00e8s mon dernier message, une temp\u00eate a \u00e9t\u00e9 si violente qu'un pommier est tomb\u00e9 et que le toit neuf de la serre s'est envol\u00e9. On se doutait bien, d\u00e8s la livraison de ce toit si fin, qu'il ne r\u00e9sisterait pas bien \u00e0 la gr\u00eale et au vent, mais bon, renvoyer une telle quantit\u00e9 de mat\u00e9riel\u2026 Non, il ne venait pas de Temu, et ce n'\u00e9tait pas donn\u00e9 non plus, alors parfois, cher, c'est cher.<\/p>\n\n\n\n<figure class=\"wp-block-image size-large\"><img loading=\"lazy\" decoding=\"async\" width=\"1024\" height=\"768\" src=\"https:\/\/lejardinbasque.fr\/wp-content\/uploads\/2025\/12\/gevelde-appelboom-1024x768.jpeg\" alt=\"\" class=\"wp-image-282\" srcset=\"https:\/\/lejardinbasque.fr\/wp-content\/uploads\/2025\/12\/gevelde-appelboom-1024x768.jpeg 1024w, https:\/\/lejardinbasque.fr\/wp-content\/uploads\/2025\/12\/gevelde-appelboom-300x225.jpeg 300w, https:\/\/lejardinbasque.fr\/wp-content\/uploads\/2025\/12\/gevelde-appelboom-768x576.jpeg 768w, https:\/\/lejardinbasque.fr\/wp-content\/uploads\/2025\/12\/gevelde-appelboom-1536x1152.jpeg 1536w, https:\/\/lejardinbasque.fr\/wp-content\/uploads\/2025\/12\/gevelde-appelboom-2048x1536.jpeg 2048w, https:\/\/lejardinbasque.fr\/wp-content\/uploads\/2025\/12\/gevelde-appelboom-16x12.jpeg 16w, https:\/\/lejardinbasque.fr\/wp-content\/uploads\/2025\/12\/gevelde-appelboom-1320x990.jpeg 1320w\" sizes=\"auto, (max-width: 1024px) 100vw, 1024px\" \/><\/figure>\n\n\n\n<p>Bref, voici l'arbre abattu. Il avait d\u00e9j\u00e0 des probl\u00e8mes sous-jacents, mais c'est quand m\u00eame dommage. Luuk veut que je l'enl\u00e8ve pour qu'il puisse tondre plus facilement (ouf !), mais je trouve \u00e7a po\u00e9tique, un soldat \u00e9vanoui dans la cohorte. Et il est encore partiellement attach\u00e9 par ses racines, alors qui sait, peut-\u00eatre que quelque chose y poussera. <\/p>\n\n\n\n<p>Luuk est en train de finaliser notre <s>chambre \u00e0 coucher<\/s> chambre principale. Nous avons maintenant une grande chambre avec un balcon et un boudoir attenant dot\u00e9 d'une immense armoire \u00e0 tiroirs et de ces \u00e9tag\u00e8res \u00e0 chaussures. J'entends d\u00e9j\u00e0 tout le monde dire\u00a0: \u00ab\u00a0De beaux v\u00eatements, en plus\u00a0!\u00a0\u00bb La prochaine fois, je montrerai une vraie photo. De la pi\u00e8ce, pas des v\u00eatements.<\/p>\n\n\n\n<figure class=\"wp-block-image size-full\"><img loading=\"lazy\" decoding=\"async\" width=\"1000\" height=\"663\" src=\"https:\/\/lejardinbasque.fr\/wp-content\/uploads\/2025\/12\/expo-zaragoza-en-hadid.png\" alt=\"\" class=\"wp-image-283\" srcset=\"https:\/\/lejardinbasque.fr\/wp-content\/uploads\/2025\/12\/expo-zaragoza-en-hadid.png 1000w, https:\/\/lejardinbasque.fr\/wp-content\/uploads\/2025\/12\/expo-zaragoza-en-hadid-300x199.png 300w, https:\/\/lejardinbasque.fr\/wp-content\/uploads\/2025\/12\/expo-zaragoza-en-hadid-768x509.png 768w, https:\/\/lejardinbasque.fr\/wp-content\/uploads\/2025\/12\/expo-zaragoza-en-hadid-18x12.png 18w\" sizes=\"auto, (max-width: 1000px) 100vw, 1000px\" \/><\/figure>\n\n\n\n<p>Nous avons f\u00eat\u00e9 mes soixante ans par un week-end \u00e0 Saragosse, du c\u00f4t\u00e9 espagnol des Pyr\u00e9n\u00e9es. Une ville magnifique, avec une cath\u00e9drale aux allures de palais et une atmosph\u00e8re typiquement espagnole qui se d\u00e9gage des ruelles \u00e9troites le soir\u00a0: on se retrouve tranquillement attabl\u00e9s aux terrasses des bars, une bi\u00e8re et un pincho \u00e0 la main, \u00e0 bavarder sans fin avec des amis. De l\u2019autre c\u00f4t\u00e9 de l\u2019\u00c8bre se trouve le site abandonn\u00e9 de l\u2019Expo 2008, l\u2019une des nombreuses expositions universelles que j\u2019ai manqu\u00e9es. Une architecture moderne et des espaces publics qui paraissent \u00e9trangement vides et d\u00e9sol\u00e9s. Sans les promeneurs et les joggeurs, on s\u2019y sentirait vraiment en ins\u00e9curit\u00e9. Ces joggeurs peuvent faire de belles courses, car on peut marcher dans les espaces verts des deux c\u00f4t\u00e9s de l\u2019\u00c8bre et terminer sa course par l\u2019un des nombreux ponts \u2013 parfait. L\u2019un de ces ponts est un b\u00e2timent con\u00e7u par Zaha Hadid. <a href=\"https:\/\/www.mobilitycity.es\/\" data-type=\"link\" data-id=\"https:\/\/www.mobilitycity.es\/\">un mus\u00e9e de la mobilit\u00e9<\/a>. C'est la seule partie de l'exposition qui soit encore fonctionnelle et belle. J'ai souri en voyant l'Opel Kadett (correction 4\/12\u00a0: elle avait une Corsa) de ma tante Rina, aujourd'hui disparue, expos\u00e9e en bonne place dans ce mus\u00e9e futuriste. Opel poss\u00e8de une immense usine \u00e0 Saragosse, d'o\u00f9 l'exposition sponsoris\u00e9e \u00ab\u00a0Opel Love\u00a0\u00bb.<\/p>\n\n\n\n<figure class=\"wp-block-image size-large\"><img loading=\"lazy\" decoding=\"async\" width=\"1024\" height=\"768\" src=\"https:\/\/lejardinbasque.fr\/wp-content\/uploads\/2025\/12\/Luuk-in-Zaha-1024x768.jpg\" alt=\"\" class=\"wp-image-285\" srcset=\"https:\/\/lejardinbasque.fr\/wp-content\/uploads\/2025\/12\/Luuk-in-Zaha-1024x768.jpg 1024w, https:\/\/lejardinbasque.fr\/wp-content\/uploads\/2025\/12\/Luuk-in-Zaha-300x225.jpg 300w, https:\/\/lejardinbasque.fr\/wp-content\/uploads\/2025\/12\/Luuk-in-Zaha-768x576.jpg 768w, https:\/\/lejardinbasque.fr\/wp-content\/uploads\/2025\/12\/Luuk-in-Zaha-1536x1152.jpg 1536w, https:\/\/lejardinbasque.fr\/wp-content\/uploads\/2025\/12\/Luuk-in-Zaha-16x12.jpg 16w, https:\/\/lejardinbasque.fr\/wp-content\/uploads\/2025\/12\/Luuk-in-Zaha-1320x990.jpg 1320w, https:\/\/lejardinbasque.fr\/wp-content\/uploads\/2025\/12\/Luuk-in-Zaha.jpg 2000w\" sizes=\"auto, (max-width: 1024px) 100vw, 1024px\" \/><figcaption class=\"wp-element-caption\">Luuk avec son billet d'entr\u00e9e senior pour le mus\u00e9e de la mobilit\u00e9<\/figcaption><\/figure>\n\n\n\n<p>De retour \u00e0 Domezain, j'ai eu ma premi\u00e8re occasion de travailler comme aide-cuisinier au d\u00e9jeuner des a\u00een\u00e9s de notre quartier. L'\u00e9quipe de cuisine \u00e9tant compos\u00e9e en grande partie de personnes \u00e2g\u00e9es, un rajeunissement \u00e9tait plus que n\u00e9cessaire (merci !). Un groupe d'une quinzaine de b\u00e9n\u00e9voles s'est alors r\u00e9uni, certains cuisinant, d'autres apportant leur aide ou leur soutien moral. Au final, un copieux d\u00e9jeuner a \u00e9t\u00e9 pr\u00e9par\u00e9 pour ces quinze personnes, une pr\u00e9sentation un peu ennuyeuse sur la s\u00e9curit\u00e9 routi\u00e8re a eu lieu, on s'est bien amus\u00e9s, et nous avions pr\u00e9par\u00e9, comme le veut la tradition, une blanquette de veau et une soupe au potiron pour soixante personnes le lendemain. Ce jour-l\u00e0, j'ai \u00e9t\u00e9 officiellement accept\u00e9e dans l'\u00e9quipe de b\u00e9n\u00e9voles : les soixante personnes ont lev\u00e9 la main lorsque le responsable a demand\u00e9 si je pouvais me joindre \u00e0 eux. Quelle fiert\u00e9 !<\/p>\n\n\n\n<p>Le village poss\u00e8de une salle des f\u00eates et une pi\u00e8ce suppl\u00e9mentaire o\u00f9 l'on peut pr\u00e9parer le repas. Cette pi\u00e8ce abrite une immense chambre froide o\u00f9 sont entrepos\u00e9s sangliers et cerfs pendant la saison. Apr\u00e8s l'hiver, on pourra en acheter si on le souhaite. Hier soir, j'ai failli percuter un cerf, mon Dieu ! Apr\u00e8s coup, je me suis dit que si je l'avais heurt\u00e9, je l'aurais achev\u00e9, mis dans le coffre et fi\u00e8rement suspendu dans la glaci\u00e8re le lendemain ! Enfin bon, la cendre, c'est de la tourbe br\u00fbl\u00e9e.<\/p>\n\n\n\n<figure class=\"wp-block-image size-large\"><img loading=\"lazy\" decoding=\"async\" width=\"768\" height=\"1024\" src=\"https:\/\/lejardinbasque.fr\/wp-content\/uploads\/2025\/12\/lunch-klein-768x1024.jpeg\" alt=\"\" class=\"wp-image-284\" srcset=\"https:\/\/lejardinbasque.fr\/wp-content\/uploads\/2025\/12\/lunch-klein-768x1024.jpeg 768w, https:\/\/lejardinbasque.fr\/wp-content\/uploads\/2025\/12\/lunch-klein-225x300.jpeg 225w, https:\/\/lejardinbasque.fr\/wp-content\/uploads\/2025\/12\/lunch-klein-9x12.jpeg 9w, https:\/\/lejardinbasque.fr\/wp-content\/uploads\/2025\/12\/lunch-klein.jpeg 1000w\" sizes=\"auto, (max-width: 768px) 100vw, 768px\" \/><figcaption class=\"wp-element-caption\">Moi (Marie-Louise) avec Marie-Claude et Marie-France<\/figcaption><\/figure>\n\n\n\n<p><\/p>","protected":false},"excerpt":{"rendered":"<p>Op de bergen dan h\u00e8, die sneeuw, daar in de verte. Hier kan het ook aardig vriezen &#8217;s nachts maar tot nu toe is er geen sneeuw gevallen en zijn de middagen nog heerlijk aangenaam om in de tuin te werken. Dat moet ook wel omdat een paar dagen na de vorige post het zo [&hellip;]<\/p>\n","protected":false},"author":1,"featured_media":313,"comment_status":"closed","ping_status":"","sticky":false,"template":"","format":"standard","meta":{"footnotes":""},"categories":[10],"tags":[],"class_list":["post-279","post","type-post","status-publish","format-standard","has-post-thumbnail","hentry","category-omgeving"],"_links":{"self":[{"href":"https:\/\/lejardinbasque.fr\/fr\/wp-json\/wp\/v2\/posts\/279","targetHints":{"allow":["GET"]}}],"collection":[{"href":"https:\/\/lejardinbasque.fr\/fr\/wp-json\/wp\/v2\/posts"}],"about":[{"href":"https:\/\/lejardinbasque.fr\/fr\/wp-json\/wp\/v2\/types\/post"}],"author":[{"embeddable":true,"href":"https:\/\/lejardinbasque.fr\/fr\/wp-json\/wp\/v2\/users\/1"}],"replies":[{"embeddable":true,"href":"https:\/\/lejardinbasque.fr\/fr\/wp-json\/wp\/v2\/comments?post=279"}],"version-history":[{"count":5,"href":"https:\/\/lejardinbasque.fr\/fr\/wp-json\/wp\/v2\/posts\/279\/revisions"}],"predecessor-version":[{"id":291,"href":"https:\/\/lejardinbasque.fr\/fr\/wp-json\/wp\/v2\/posts\/279\/revisions\/291"}],"wp:featuredmedia":[{"embeddable":true,"href":"https:\/\/lejardinbasque.fr\/fr\/wp-json\/wp\/v2\/media\/313"}],"wp:attachment":[{"href":"https:\/\/lejardinbasque.fr\/fr\/wp-json\/wp\/v2\/media?parent=279"}],"wp:term":[{"taxonomy":"category","embeddable":true,"href":"https:\/\/lejardinbasque.fr\/fr\/wp-json\/wp\/v2\/categories?post=279"},{"taxonomy":"post_tag","embeddable":true,"href":"https:\/\/lejardinbasque.fr\/fr\/wp-json\/wp\/v2\/tags?post=279"}],"curies":[{"name":"wp","href":"https:\/\/api.w.org\/{rel}","templated":true}]}}