{"id":185,"date":"2025-06-15T18:52:15","date_gmt":"2025-06-15T18:52:15","guid":{"rendered":"https:\/\/lejardinbasque.fr\/?p=185"},"modified":"2025-07-24T09:47:05","modified_gmt":"2025-07-24T09:47:05","slug":"la-nature-cruelle","status":"publish","type":"post","link":"https:\/\/lejardinbasque.fr\/fr\/la-nature-cruelle\/","title":{"rendered":"La nature cruelle"},"content":{"rendered":"<p>Cela fait quatre mois que nous sommes ici, il est grand temps de parler du c\u00f4t\u00e9 moins agr\u00e9able de la vie dans le paysage. En ville, j'avais peur des agresseurs, des toxicomanes impr\u00e9visibles et surtout des \u00e9tudiants bruyants. Pas ici, ici, c'est la nature cruelle qui r\u00e8gne. \n\nAu d\u00e9but, j'ai commenc\u00e9 \u00e0 semer des l\u00e9gumes en caissettes, avec optimisme. La moiti\u00e9 n'a pas fonctionn\u00e9, mais un jour, le soleil a brill\u00e9 trop fort, et les rares pousses \u00e9t\u00e9 br\u00fbl\u00e9es. Et voil\u00e0 la r\u00e9colte potentielle de l\u00e9gumes pour l'\u00e9t\u00e9. Ai-je d\u00e9j\u00e0 dit que je n'avais pas la main verte\u00a0? Au moins, les pommes de terre poussent bien.<\/p>\n\n\n\n<p>Le temps ici est impitoyable. J'ai eu une gr\u00eale comme je n'en avais jamais connue auparavant, grosse et abondante. Cela a provoqu\u00e9 une fuite dans le toit et la goutti\u00e8re. Comment r\u00e9parer \u00e7a avec un toit \u00e0 10 m\u00e8tres de haut? Ces quatre derniers mois, nous avons aussi eu plus de tonnerre et d'\u00e9clairs (et des \u00e9clairs sans tonnerre) que jamais auparavant. Et cela signifie aussi une coupure d'\u00e9lectricit\u00e9. Cela ne dure qu'une demi-heure gr\u00e2ce \u00e0 l'alerte du gestionnaire du r\u00e9seau, mais je vais quand m\u00eame tester le g\u00e9n\u00e9rateur de secours.<\/p>\n\n\n\n<figure class=\"wp-block-image size-large\"><img loading=\"lazy\" decoding=\"async\" width=\"1024\" height=\"683\" src=\"https:\/\/lejardinbasque.fr\/wp-content\/uploads\/2025\/06\/Gier-Pierre-Dalous-1024x683.jpeg\" alt=\"\" class=\"wp-image-191\" srcset=\"https:\/\/lejardinbasque.fr\/wp-content\/uploads\/2025\/06\/Gier-Pierre-Dalous-1024x683.jpeg 1024w, https:\/\/lejardinbasque.fr\/wp-content\/uploads\/2025\/06\/Gier-Pierre-Dalous-300x200.jpeg 300w, https:\/\/lejardinbasque.fr\/wp-content\/uploads\/2025\/06\/Gier-Pierre-Dalous-768x512.jpeg 768w, https:\/\/lejardinbasque.fr\/wp-content\/uploads\/2025\/06\/Gier-Pierre-Dalous-18x12.jpeg 18w, https:\/\/lejardinbasque.fr\/wp-content\/uploads\/2025\/06\/Gier-Pierre-Dalous.jpeg 1200w\" sizes=\"auto, (max-width: 1024px) 100vw, 1024px\" \/><figcaption class=\"wp-element-caption\">Vautour fauve (photo : Pierre Dalous)<\/figcaption><\/figure>\n\n\n\n<p>Il y a un mois, nous avons vu une vol\u00e9e d'une trentaine de vautours d\u00e9crire des cercles avant de plonger un \u00e0 un d'une grande hauteur dans le champ voisin. Je me suis approch\u00e9 pour voir ce qu'ils cherchaient, mais ces animaux se sont av\u00e9r\u00e9s \u00e9normes, avec une envergure plus grande qu'une porte. Effrayant, mais ils ont eu plus peur de moi, ce qui \u00e9tait totalement injustifi\u00e9. Au fait, il s'est av\u00e9r\u00e9 qu'il y avait un poulain mort-n\u00e9 du troupeau de chevaux qui paissait dans le champ voisin\u00a0; les vautours peuvent le sentir d'une grande hauteur.<\/p>\n\n\n\n<p>Gisteren de wijnrank over onze nieuwe pergola geleid. Maar daar zat nog een vogelnestje in met drie van die naakte hummeltjes. Viel op de grond en de scheetjes lagen pardoes in de brandende zon. Zo goed en zo kwaad alles in de nieuwe wijnrank teruggezet, maar we zagen vader en moeder vogel de hele tijd zoeken naar het nestje. Vanochtend lag dat nestje alweer op de grond, geen kleintjes te zien, dus de natuur (lees: roofdier) heeft ook hier zijn werk gedaan, want vliegen konden ze zeer zeker nog niet. Ik zoek dus nu naar een boetedoening. Dat doe ik dan ook namens de kat die inmiddels een handvol hagedissen en een muisje heeft doodgebeten. (Nee, hij doet geen vogels).<\/p>\n\n\n\n<p>Notre grenier abrite une colonie de chauves-sourises. Ce sont des cr\u00e9atures adorables qui ne font de mal qu'aux mouches, mais bon sang, qu'est-ce qu'elles chient ! Quand on ouvre la porte du grenier, il faut saisir un manche pour couper l'odeur sale. Ramasser les excr\u00e9ments est mon nouveau passe-temps, mais \u00e0 long terme, nous souhaitons am\u00e9nager un espace s\u00e9par\u00e9 et sans chauves-souris dans le grenier pour avoir un peu d'espace.<\/p>\n\n\n\n<p>En tot slot zijn er dan nog de kleine beessies. Als je een huis in Frankrijk koopt krijg je standaard ook controles op termieten, boktorren en schimmels etc. Dat zit allemaal wel snor met dit huis, maar ik vond de balken in ons bijgebouw toch wel erg vermolmd door beestjes die er jaren geleden ooit hebben gezeten. Zo gaat dat dus met een huis dat aan de natuur is blootgesteld. Het blijkt allemaal niet zo heftig als ik dacht maar ik ben ook wat huiverig om vakmensen om advies te vragen. Artisans zijn hier trotse vakmensen maar \u00f2f ze hebben het komende jaar geen tijd en\/of ze vragen de hoofdprijs voor werk waarvan het maar de vraag is of alles echt nodig is. Nog een reden om zoveel mogelijk zelf te fixen en tot nu toe gaat dat redelijk. Luuk heeft inmiddels twee terrassen en pergola&#8217;s getimmerd en een garage in de hangar gebouwd. Een stuk productiever dan ik met mijn tuin. De komende weken probeer ik wat in de volle grond te zaaien in h\u00fcgelbedden. Vol goede moed de volgende rampspoed tegemoet!<\/p>\n\n\n\n<p><em>Update 24\/7\/2025 Sinds juni zijn er ook andere k** beestjes verschenen: vliegjes en muggen. Er zijn een soort kleine daasjes (taons) en tijgermuggen en het grote verschil met Nederlandse vliegen en muggen is dat die in de middag verschijnen en stiekem dwars door je kleren pikken. Het is een klein pikje, maar de bult kan nog wekenlang jeuken. We smeren ons goed in en hebben nu een vliegenlokker naast het terras geplaatst, die zit al boordenvol met lijkjes, gelukkig geen bijen, wel een paar hornaars. <\/em><\/p>\n\n\n\n<figure class=\"wp-block-image size-large\"><img loading=\"lazy\" decoding=\"async\" width=\"1024\" height=\"473\" src=\"https:\/\/lejardinbasque.fr\/wp-content\/uploads\/2025\/06\/pergola-1024x473.jpeg\" alt=\"\" class=\"wp-image-197\" srcset=\"https:\/\/lejardinbasque.fr\/wp-content\/uploads\/2025\/06\/pergola-1024x473.jpeg 1024w, https:\/\/lejardinbasque.fr\/wp-content\/uploads\/2025\/06\/pergola-300x139.jpeg 300w, https:\/\/lejardinbasque.fr\/wp-content\/uploads\/2025\/06\/pergola-768x355.jpeg 768w, https:\/\/lejardinbasque.fr\/wp-content\/uploads\/2025\/06\/pergola-18x8.jpeg 18w, https:\/\/lejardinbasque.fr\/wp-content\/uploads\/2025\/06\/pergola.jpeg 1280w\" sizes=\"auto, (max-width: 1024px) 100vw, 1024px\" \/><figcaption class=\"wp-element-caption\">Les pergolas<\/figcaption><\/figure>\n\n\n\n<p><\/p>","protected":false},"excerpt":{"rendered":"<p>We zijn hier nu vier maanden, hoogste tijd om het eens te hebben over de minder leuke kant van het buitenleven. In de stad was ik huiverig voor overvallers, onvoorspelbare junks en vooral luidruchtige studenten, hier niet, hier heerst de wrede natuur. Om te beginnen was ik optimistisch groentjes gaan zaaien in bakken. De helft [&hellip;]<\/p>\n","protected":false},"author":1,"featured_media":189,"comment_status":"closed","ping_status":"","sticky":false,"template":"","format":"standard","meta":{"footnotes":""},"categories":[6],"tags":[],"class_list":["post-185","post","type-post","status-publish","format-standard","has-post-thumbnail","hentry","category-tuin"],"_links":{"self":[{"href":"https:\/\/lejardinbasque.fr\/fr\/wp-json\/wp\/v2\/posts\/185","targetHints":{"allow":["GET"]}}],"collection":[{"href":"https:\/\/lejardinbasque.fr\/fr\/wp-json\/wp\/v2\/posts"}],"about":[{"href":"https:\/\/lejardinbasque.fr\/fr\/wp-json\/wp\/v2\/types\/post"}],"author":[{"embeddable":true,"href":"https:\/\/lejardinbasque.fr\/fr\/wp-json\/wp\/v2\/users\/1"}],"replies":[{"embeddable":true,"href":"https:\/\/lejardinbasque.fr\/fr\/wp-json\/wp\/v2\/comments?post=185"}],"version-history":[{"count":11,"href":"https:\/\/lejardinbasque.fr\/fr\/wp-json\/wp\/v2\/posts\/185\/revisions"}],"predecessor-version":[{"id":217,"href":"https:\/\/lejardinbasque.fr\/fr\/wp-json\/wp\/v2\/posts\/185\/revisions\/217"}],"wp:featuredmedia":[{"embeddable":true,"href":"https:\/\/lejardinbasque.fr\/fr\/wp-json\/wp\/v2\/media\/189"}],"wp:attachment":[{"href":"https:\/\/lejardinbasque.fr\/fr\/wp-json\/wp\/v2\/media?parent=185"}],"wp:term":[{"taxonomy":"category","embeddable":true,"href":"https:\/\/lejardinbasque.fr\/fr\/wp-json\/wp\/v2\/categories?post=185"},{"taxonomy":"post_tag","embeddable":true,"href":"https:\/\/lejardinbasque.fr\/fr\/wp-json\/wp\/v2\/tags?post=185"}],"curies":[{"name":"wp","href":"https:\/\/api.w.org\/{rel}","templated":true}]}}